{"id":955,"date":"2020-03-30T11:28:00","date_gmt":"2020-03-30T11:28:00","guid":{"rendered":"\/\/lauraronco.com\/?p=955"},"modified":"2022-09-27T18:40:54","modified_gmt":"2022-09-27T21:40:54","slug":"changing-your-style-is-easy-with-professional-tips","status":"publish","type":"post","link":"https:\/\/lauraronco.com\/en\/changing-your-style-is-easy-with-professional-tips\/","title":{"rendered":"COVID-19 (SARS\u2011CoV\u20112 ) \/ OPORTUNIDAD EN LA CRISIS"},"content":{"rendered":"<div data-elementor-type=\"wp-post\" data-elementor-id=\"955\" class=\"elementor elementor-955\">\n\t\t\t\t\t\t<section class=\"elementor-section elementor-top-section elementor-element elementor-element-4b98f41d elementor-section-boxed elementor-section-height-default elementor-section-height-default sc_fly_static\" data-id=\"4b98f41d\" data-element_type=\"section\" data-e-type=\"section\">\n\t\t\t\t\t\t<div class=\"elementor-container elementor-column-gap-extended\">\n\t\t\t\t\t<div class=\"elementor-column elementor-col-100 elementor-top-column elementor-element elementor-element-bf19c8e sc_inner_width_none sc_content_align_inherit sc_layouts_column_icons_position_left sc_fly_static\" data-id=\"bf19c8e\" data-element_type=\"column\" data-e-type=\"column\">\n\t\t\t<div class=\"elementor-widget-wrap elementor-element-populated\">\n\t\t\t\t\t\t<div class=\"elementor-element elementor-element-389d6156 sc_fly_static elementor-widget elementor-widget-text-editor\" data-id=\"389d6156\" data-element_type=\"widget\" data-e-type=\"widget\" data-widget_type=\"text-editor.default\">\n\t\t\t\t<div class=\"elementor-widget-container\">\n\t\t\t\t\t\t\t\t\t<p><\/p>\n<h4 class=\"wp-block-heading\">Lo que este evento planetario ha provocado y lo que dejar\u00e1. Una cr\u00f3nica en reflexi\u00f3n todav\u00eda no cerrada.<\/h4>\n<p><\/p>\n<p><\/p>\n<p>En tiempos de tanta informaci\u00f3n que da tanto alimento a los pensamientos. En tiempos de tanto mar revuelto en nuestras emociones alimentadas por esos pensamientos y lo que vemos y o\u00edmos. En estos tiempos en que toda la humanidad est\u00e1 atravesando, me atrevo a decir, una experiencia in\u00e9dita: gran parte de la poblaci\u00f3n mundial confinada en sus casas ateni\u00e9ndose a las mismas medidas de seguridad y cuidado de la salud. En estos tiempos que corren y se disparan, me siento llamada a confirmarme y entregarme a los canales virtuales que jam\u00e1s podr\u00e1n reemplazar la experiencia de pr\u00e1cticas presenciales sin embargo las valoro y las valido con mucho agradecimiento en estos momentos.<\/p>\n<p><\/p>\n<p><\/p>\n<p>Hoy, sin saber muy bien por cu\u00e1nto tiempo m\u00e1s. Y aqu\u00ed, que es all\u00ed donde yo estoy y t\u00fa est\u00e1s, posiblemente con cierto grado de aislamiento f\u00edsico de otr@s, voy a comenzar a compartirte informaci\u00f3n y pr\u00e1cticas que nos ayuden a gestionar y navegar esta vivencia individual y colectiva. Es el compromiso que tengo en mi vida conmigo misma y mi intenci\u00f3n es ser \u00fatil al bienestar propio individual y el de tod@s. Ya sab\u00e9s c\u00f3mo seguirme y, si no, escribime. Esto no es para promocionarme ni pasar un chivo sino para hablar mi sentir que quiz\u00e1 te haga eco.<\/p>\n<p><\/p>\n<p><\/p>\n<p><\/p>\n<p>En estos d\u00edas estuve pensando en el sufrimiento de los enfermos, de los cuerpos m\u00e9dicos, enfermeras, personal de limpieza de los centros de salud que est\u00e1n en esa primer l\u00ednea de batalla entreg\u00e1ndolo todo inclusive, en algunos casos, sus propias vidas como el Dr. Liang Wudon y l@s dem\u00e1s m\u00e1rtires an\u00f3nimos.<\/p>\n<p><\/p>\n<p><\/p>\n<p>Paralelamente a todo ese sufrimiento, percibo que a muchos niveles, est\u00e1n pasando cosas muy preciosas y valiosas. Consciencia y cuidado propio y de los otr@s, aunque sea por Plan B: porque es obligatorio o porque puede ser peligroso para nosotr@s mism@s, estamos muy atentos a los dem\u00e1s. No se aplica el \u201cs\u00e1lvese quien pueda\u201d. Nos damos cuenta de que no hay pa\u00edses ni fronteras ni clases sociales ni razas ni religiones ni distinci\u00f3n pol\u00edtica. Para tod@s en todas partes del mundo, la vida se simplifica y nos devuelve a la igualdad.<\/p>\n<p><\/p>\n<p><\/p>\n<p>Lo otro que estoy viviendo con mucho alivio y placer es la desaceleraci\u00f3n y la pausa. Tener tiempo para lo que todas las actividades puertas afuera nunca nos dejaban tiempo. Volver a casa y as\u00ed como nos guardamos en nuestros hogar, volver tambi\u00e9n al hogar interior donde podemos reencontrarnos, o desarrollar, el sentimiento de sentirnos a salvo y poder diluir toda ansiedad y confusi\u00f3n en nuestro n\u00facleo interno. Y hay m\u00e1s y habr\u00e1 mucho m\u00e1s y no me cabe duda que esto ya es un pasito, o un gran salto, para la consciencia de una humanidad unida, m\u00e1s madura y m\u00e1s compasiva. Aunque, cuando pase, no lo recordemos todos los d\u00edas, ya habr\u00e1 generado memoria.<\/p>\n<p><\/p>\n<p><\/p>\n<p><\/p>\n<p><style>.wp-block-kadence-spacer.kt-block-spacer-_76a61e-76 .kt-block-spacer{height:60px;}.wp-block-kadence-spacer.kt-block-spacer-_76a61e-76 .kt-divider{border-top-width:1px;height:1px;border-top-color:#eee;width:80%;border-top-style:solid;}@media all and (max-width: 767px){.wp-block-kadence-spacer.kt-block-spacer-_76a61e-76 .kt-block-spacer{height:6px!important;}}<\/style><\/p>\n<div class=\"wp-block-kadence-spacer aligncenter kt-block-spacer-_76a61e-76\">\n<div class=\"kt-block-spacer kt-block-spacer-halign-center\"><\/div>\n<\/div>\n<p><\/p>\t\t\t\t\t\t\t\t<\/div>\n\t\t\t\t<\/div>\n\t\t\t\t\t<\/div>\n\t\t<\/div>\n\t\t\t\t\t<\/div>\n\t\t<\/section>\n\t\t\t\t<\/div>","protected":false},"excerpt":{"rendered":"<p>Today, finding your perfect look is even easier &#8211; just get assistance from stylists online and change your life<\/p>","protected":false},"author":8,"featured_media":15338,"comment_status":"open","ping_status":"open","sticky":false,"template":"","format":"standard","meta":{"limit_modified_date":"","last_modified_date":"","footnotes":""},"categories":[76],"tags":[90,89,91],"class_list":["post-955","post","type-post","status-publish","format-standard","has-post-thumbnail","hentry","category-health","tag-article","tag-news","tag-story"],"_links":{"self":[{"href":"https:\/\/lauraronco.com\/en\/wp-json\/wp\/v2\/posts\/955","targetHints":{"allow":["GET"]}}],"collection":[{"href":"https:\/\/lauraronco.com\/en\/wp-json\/wp\/v2\/posts"}],"about":[{"href":"https:\/\/lauraronco.com\/en\/wp-json\/wp\/v2\/types\/post"}],"author":[{"embeddable":true,"href":"https:\/\/lauraronco.com\/en\/wp-json\/wp\/v2\/users\/8"}],"replies":[{"embeddable":true,"href":"https:\/\/lauraronco.com\/en\/wp-json\/wp\/v2\/comments?post=955"}],"version-history":[{"count":8,"href":"https:\/\/lauraronco.com\/en\/wp-json\/wp\/v2\/posts\/955\/revisions"}],"predecessor-version":[{"id":15385,"href":"https:\/\/lauraronco.com\/en\/wp-json\/wp\/v2\/posts\/955\/revisions\/15385"}],"wp:featuredmedia":[{"embeddable":true,"href":"https:\/\/lauraronco.com\/en\/wp-json\/wp\/v2\/media\/15338"}],"wp:attachment":[{"href":"https:\/\/lauraronco.com\/en\/wp-json\/wp\/v2\/media?parent=955"}],"wp:term":[{"taxonomy":"category","embeddable":true,"href":"https:\/\/lauraronco.com\/en\/wp-json\/wp\/v2\/categories?post=955"},{"taxonomy":"post_tag","embeddable":true,"href":"https:\/\/lauraronco.com\/en\/wp-json\/wp\/v2\/tags?post=955"}],"curies":[{"name":"wp","href":"https:\/\/api.w.org\/{rel}","templated":true}]}}