{"id":905,"date":"2020-03-27T10:20:00","date_gmt":"2020-03-27T10:20:00","guid":{"rendered":"\/\/lauraronco.com\/?p=905"},"modified":"2022-09-13T07:08:31","modified_gmt":"2022-09-13T10:08:31","slug":"hairstyles-that-are-coming-back-in-spring-2021","status":"publish","type":"post","link":"https:\/\/lauraronco.com\/en\/hairstyles-that-are-coming-back-in-spring-2021\/","title":{"rendered":"CRIS\u00c1LIDA DE LA HUMANIDAD &#8211; Cambio clim\u00e1tico y Coronavirus"},"content":{"rendered":"<p><\/p>\n\n\n\n<p><\/p>\n\n\n\n<p>Por Laura Ronco<\/p>\n\n\n\n<p>Escribo este mensaje, primero para no olvidarme y segundo porque forma parte de un an\u00e1lisis personal de lo que est\u00e1 pasando y de qu\u00e9 podemos hacer, o c\u00f3mo contribuir, para que esta experiencia deje el m\u00e1ximo de cosas buenas. Y las cosas buenas que deje no ser\u00e1n un acto de magia o de generaci\u00f3n espont\u00e1nea del d\u00eda en que volvamos a circular libremente. Lejos de eso, todo lo que ya comencemos a hacer hoy y las decisiones que tomemos durante el confinamiento ya pueden ser el inicio de nuevos ciclos, de nuevos modelos de trabajo y de relaciones, de nuevas formas de hacer las cosas, sean cualesquiera que sean esas \u201ccosas\u201d.<\/p>\n\n\n\n<p>En lo personal me est\u00e1 tocando muy profundo. Este encierro me ha dado permisos y libertades internas impensadas. Y las estoy tomando y me animo a desafiar mi propio statu quo, hasta donde puedo que dependa s\u00f3lo de m\u00ed y que me afecte principalmente a m\u00ed sola, en la plena consciencia que nada ser\u00e1 100% as\u00ed y en la intenci\u00f3n que lo que sea bueno para m\u00ed beneficie, o por lo menos no perjudique, a los dem\u00e1s.<\/p>\n\n\n\n<p>Si esta situaci\u00f3n es as\u00ed de bestial, masiva y global, por lo menos igual de enorme habr\u00e1 sido lo que hayamos hecho para provocarla: desarrollo no sustentable \u2013 comprobado por el da\u00f1o al planeta, el abuso de los recursos naturales, progreso vac\u00edo, el hombre colaborando determinantemente en el calentamiento global. Entonces me quiero hacer responsable del granito de arena de mi playa.&nbsp;<\/p>\n\n\n\n<p>Y lo primero que me surge es mi esp\u00edritu ambientalista. Qu\u00e9 habr\u00eda m\u00e1s importante que cuidar de nuestro planeta? La cosa est\u00e1 bien clara: NADA! Porque si nuestro primer hogar y cuerpo viviente, la Tierra, enferma, yo estar\u00e9 desahuciada.<\/p>\n\n\n\n<p>Les comparto una charla convocada por UdeSA \u2013 Universidad de San Andr\u00e9s, a la que asist\u00ed la semana pasada (<a href=\"https:\/\/www.youtube.com\/watch?v=lHuIIMZH_Qk\">https:\/\/www.youtube.com\/watch?v=lHuIIMZH_Qk<\/a>).<\/p>\n\n\n\n<p>Algo que me sorprendi\u00f3 de los muchos datos, estad\u00edsticas e informaci\u00f3n que comparti\u00f3 la Lic. In\u00e9s Camilioni, es que esta pandemia redujo las actividades que generan los gases que provocan los gases del efecto invernadero en un 5 % y el acuerdo de Par\u00eds de 2015 dice que necesitamos reducir un 7.6 % esa actividad para que la temperatura no supere los 2 grados cent\u00edgrados a la era pre-industrial para que la vida en el planeta tierra sea viable a largo plazo. Mi conclusi\u00f3n: todo este parate, todav\u00eda es poco!!!! Pues manos a la obra porque hay mucho que hacer, y que dejar de hacer.<\/p>\n\n\n\n<p>Como vamos, estar\u00edamos entonces, hipotecando el futuro de nuestra descendencia. Puede haber algo menos inteligente, m\u00e1s negligente, irresponsable y hasta criminal?<\/p>\n\n\n\n<p>Y, como soy una optimista sin arreglo, aqu\u00ed algunas ideas y acciones a las que podemos adherir.<\/p>\n\n\n\n<p>QU\u00c9 PODEMOS HACER DESDE LO INDIVIDUAL?<\/p>\n\n\n\n<p>1- Ahorrar energ\u00eda:<\/p>\n\n\n\n<ul class=\"wp-block-list\"><li>L\u00e1mparas leds.<\/li><li>Usar aparatos que funcionen bien.<\/li><li>Usar m\u00e1s transporte p\u00fablico, bicicleta, subirse menos a los aviones.<\/li><\/ul>\n\n\n\n<p>2- Modificar la dieta:<\/p>\n\n\n\n<ul class=\"wp-block-list\"><li>Comer menos carne.<\/li><li>M\u00e1s vegetales y sustitutos producidos de manera sustentable.<\/li><li>Reducir el desperdicio de los alimentos (que actualmente es del 30%!!).<\/li><\/ul>\n\n\n\n<p>3- Separar la basura. Reutilizaci\u00f3n y reciclado.<\/p>\n\n\n\n<p>4- Transformar la forma de consumir.<\/p>\n\n\n\n<p>Consumimos mucho m\u00e1s de lo que necesitamos.<\/p>\n\n\n\n<p>5- Demandar acci\u00f3n a quien nos representa pol\u00edticas de estado que vayan m\u00e1s all\u00e1 de partidismos y fronteras.<\/p>\n\n\n\n<p><strong>En definitiva, TODO LO QUE SUME A:<\/strong><strong>&nbsp;<\/strong><\/p>\n\n\n\n<ol class=\"wp-block-list\"><li><strong>ECONOM\u00cdA VERDE.<\/strong><\/li><li><strong>FORTALECER LA LEY DE CAMBIO CLIM\u00c1TICO a NIVEL GLOBAL, comenzando por lo NACIONAL.<\/strong><\/li><\/ol>\n\n\n\n<p><strong>&nbsp;<\/strong>Y la juventud, me da esperanza. Aqu\u00ed dos representantes y militantes activos de movimientos, a los que podemos sumarnos, pro cuidado ambiental y desarrollo sustentable: M\u00e1ximo Mazzocco, \u201cAlianza por el Clima\u201d y Eco-house\u201d; Santiago Giambroni, \u201cJ\u00f3venes por el clima\u201d.<\/p>\n\n\n\n<p>Lo escribo para sumar mi voz a algo que me parece urgente y prioritario. Lo escribo para ver si esta voz llame a otras voces y si mis acciones pueden contagiar a otros. Lo escribo para mayor registro. Lo escribo para que las palabras y los \u201cdarme cuenta\u201d no se los lleve el viento.<\/p>\n\n\n\n<p>As\u00ed como la oruga deja de alimentarse y se retira a crisalidar, as\u00ed siento que estamos los seres humanos. El desaf\u00edo es descomunal y no dudo que est\u00e1 a la altura de nuestro poder de transformaci\u00f3n y despliegue de nuestras preciosas alas en un vuelo que no deje a nadie fuera ni a nadie atr\u00e1s.<\/p>\n\n\n\n<p class=\"has-drop-cap\"><\/p>","protected":false},"excerpt":{"rendered":"<p>Get ready for a great comeback: stylists know what look is going to be trendy this year. Do you prefer natural and wavy, or colored and sharp? Anyways, you are going to love this news!<\/p>","protected":false},"author":2,"featured_media":14158,"comment_status":"open","ping_status":"open","sticky":false,"template":"","format":"image","meta":{"limit_modified_date":"","last_modified_date":"","footnotes":""},"categories":[38,63],"tags":[210,211],"class_list":["post-905","post","type-post","status-publish","format-image","has-post-thumbnail","hentry","category-accion-y-reflexion","category-actualidad","tag-clima","tag-ecologia","post_format-post-format-image"],"_links":{"self":[{"href":"https:\/\/lauraronco.com\/en\/wp-json\/wp\/v2\/posts\/905","targetHints":{"allow":["GET"]}}],"collection":[{"href":"https:\/\/lauraronco.com\/en\/wp-json\/wp\/v2\/posts"}],"about":[{"href":"https:\/\/lauraronco.com\/en\/wp-json\/wp\/v2\/types\/post"}],"author":[{"embeddable":true,"href":"https:\/\/lauraronco.com\/en\/wp-json\/wp\/v2\/users\/2"}],"replies":[{"embeddable":true,"href":"https:\/\/lauraronco.com\/en\/wp-json\/wp\/v2\/comments?post=905"}],"version-history":[{"count":3,"href":"https:\/\/lauraronco.com\/en\/wp-json\/wp\/v2\/posts\/905\/revisions"}],"predecessor-version":[{"id":14216,"href":"https:\/\/lauraronco.com\/en\/wp-json\/wp\/v2\/posts\/905\/revisions\/14216"}],"wp:featuredmedia":[{"embeddable":true,"href":"https:\/\/lauraronco.com\/en\/wp-json\/wp\/v2\/media\/14158"}],"wp:attachment":[{"href":"https:\/\/lauraronco.com\/en\/wp-json\/wp\/v2\/media?parent=905"}],"wp:term":[{"taxonomy":"category","embeddable":true,"href":"https:\/\/lauraronco.com\/en\/wp-json\/wp\/v2\/categories?post=905"},{"taxonomy":"post_tag","embeddable":true,"href":"https:\/\/lauraronco.com\/en\/wp-json\/wp\/v2\/tags?post=905"}],"curies":[{"name":"wp","href":"https:\/\/api.w.org\/{rel}","templated":true}]}}