{"id":15595,"date":"2023-06-26T12:51:00","date_gmt":"2023-06-26T15:51:00","guid":{"rendered":"https:\/\/lauraronco.com\/?p=15595"},"modified":"2023-07-03T10:56:52","modified_gmt":"2023-07-03T13:56:52","slug":"whats-your-favorite-city-to-work-in-copy-1","status":"publish","type":"post","link":"https:\/\/lauraronco.com\/en\/whats-your-favorite-city-to-work-in-copy-1\/","title":{"rendered":"Podcast: \u201cTantra: V\u00ednculos e intimidad consciente\u201d"},"content":{"rendered":"<h1 class=\"wp-block-heading\"><\/h1>\n\n\n\n<p id=\"block-9ccc632d-ada7-4c57-b528-fbade6420983\">PODCASTS TANTRA,, segundo episodio. Entrevistador @darshan.podcast. <\/p>\n\n\n\n<p>En el primer episodio anterior \u00abSexo y sexualidad: el tantra en el siglo XXI\u00bb, di mi voz sobre mi abordaje, estudio, investigaci\u00f3n y experiencia en el campo de esta tradici\u00f3n milenaria y sagrada.<\/p>\n\n\n\n<p>En este segundo episodio,  abordo la instancia de un@ y los otr@s: el tejido de las relaciones con sus m\u00faltiples hilos de vivencias, agrados y desagrados. \u00bfQu\u00e9 ser\u00eda una intimidad consciente a los ojos del Tantra? \u00bfC\u00f3mo se podr\u00eda resignificar la sexualidad, tal como la conocemos, recuperando su dimensi\u00f3n ext\u00e1tica y sagrada? Sin intenci\u00f3n de dar respuestas cerradas, ojal\u00e1 que mi palabra pueda abrirte a nuevas visiones y llevarte a hacerte m\u00e1s preguntas.<\/p>\n\n\n\n<figure class=\"wp-block-embed is-type-rich is-provider-spotify wp-block-embed-spotify wp-embed-aspect-21-9 wp-has-aspect-ratio\"><div class=\"wp-block-embed__wrapper\">\n<iframe title=\"Spotify Embed: Tantra: v\u00ednculos e intimidad consciente\" style=\"border-radius: 12px\" width=\"100%\" height=\"152\" frameborder=\"0\" allowfullscreen allow=\"autoplay; clipboard-write; encrypted-media; fullscreen; picture-in-picture\" loading=\"lazy\" data-trx-lazyload-src=\"https:\/\/open.spotify.com\/embed\/episode\/2jF4aAQLJ8BFpibXcBO5TJ?si=hsa5JLw8Tmuz4fV4_4gMwg&#038;utm_source=oembed\"><\/iframe>\n<\/div><\/figure>\n\n\n\n<p><\/p>\n\n\n\n<p><\/p>","protected":false},"excerpt":{"rendered":"<p>Descripci\u00f3n del episodio<br \/>\nConversamos con Laura Ronco sobre el tantra y su relaci\u00f3n con la meditaci\u00f3n y la sexualidad. \u00bfC\u00f3mo podemos vivir nuestra realidad espiritual y corporal en la contemporaneidad?<\/p>","protected":false},"author":2,"featured_media":15596,"comment_status":"closed","ping_status":"closed","sticky":false,"template":"","format":"audio","meta":{"limit_modified_date":"","last_modified_date":"","footnotes":""},"categories":[38],"tags":[106,205],"class_list":["post-15595","post","type-post","status-publish","format-audio","has-post-thumbnail","hentry","category-accion-y-reflexion","tag-audio","tag-podcast","post_format-post-format-audio"],"_links":{"self":[{"href":"https:\/\/lauraronco.com\/en\/wp-json\/wp\/v2\/posts\/15595","targetHints":{"allow":["GET"]}}],"collection":[{"href":"https:\/\/lauraronco.com\/en\/wp-json\/wp\/v2\/posts"}],"about":[{"href":"https:\/\/lauraronco.com\/en\/wp-json\/wp\/v2\/types\/post"}],"author":[{"embeddable":true,"href":"https:\/\/lauraronco.com\/en\/wp-json\/wp\/v2\/users\/2"}],"replies":[{"embeddable":true,"href":"https:\/\/lauraronco.com\/en\/wp-json\/wp\/v2\/comments?post=15595"}],"version-history":[{"count":7,"href":"https:\/\/lauraronco.com\/en\/wp-json\/wp\/v2\/posts\/15595\/revisions"}],"predecessor-version":[{"id":15613,"href":"https:\/\/lauraronco.com\/en\/wp-json\/wp\/v2\/posts\/15595\/revisions\/15613"}],"wp:featuredmedia":[{"embeddable":true,"href":"https:\/\/lauraronco.com\/en\/wp-json\/wp\/v2\/media\/15596"}],"wp:attachment":[{"href":"https:\/\/lauraronco.com\/en\/wp-json\/wp\/v2\/media?parent=15595"}],"wp:term":[{"taxonomy":"category","embeddable":true,"href":"https:\/\/lauraronco.com\/en\/wp-json\/wp\/v2\/categories?post=15595"},{"taxonomy":"post_tag","embeddable":true,"href":"https:\/\/lauraronco.com\/en\/wp-json\/wp\/v2\/tags?post=15595"}],"curies":[{"name":"wp","href":"https:\/\/api.w.org\/{rel}","templated":true}]}}